{"id":3000,"date":"2023-06-06T10:42:43","date_gmt":"2023-06-06T09:42:43","guid":{"rendered":"https:\/\/web.nasla.cm\/?p=3000"},"modified":"2023-07-30T01:09:44","modified_gmt":"2023-07-30T00:09:44","slug":"formation-initiale-diplomante","status":"publish","type":"post","link":"https:\/\/web.nasla.cm\/index.php\/2023\/06\/06\/formation-initiale-diplomante\/","title":{"rendered":"Formation Initiale Dipl\u00f4mante"},"content":{"rendered":"\t\t<div data-elementor-type=\"wp-post\" data-elementor-id=\"3000\" class=\"elementor elementor-3000\">\n\t\t\t\t\t\t<section class=\"elementor-section elementor-top-section elementor-element elementor-element-2996742a elementor-section-boxed elementor-section-height-default elementor-section-height-default wpr-particle-no wpr-jarallax-no wpr-parallax-no wpr-sticky-section-no\" data-id=\"2996742a\" data-element_type=\"section\" data-e-type=\"section\">\n\t\t\t\t\t\t<div class=\"elementor-container elementor-column-gap-default\">\n\t\t\t\t\t<div class=\"elementor-column elementor-col-100 elementor-top-column elementor-element elementor-element-75a3429f\" data-id=\"75a3429f\" data-element_type=\"column\" data-e-type=\"column\">\n\t\t\t<div class=\"elementor-widget-wrap elementor-element-populated\">\n\t\t\t\t\t\t<div class=\"elementor-element elementor-element-3fd9939 elementor-widget elementor-widget-text-editor\" data-id=\"3fd9939\" data-element_type=\"widget\" data-e-type=\"widget\" data-widget_type=\"text-editor.default\">\n\t\t\t\t<div class=\"elementor-widget-container\">\n\t\t\t\t\t\t\t\t\t<p align=\"justify\"><img fetchpriority=\"high\" decoding=\"async\" class=\"alignleft wp-image-1169 size-medium\" src=\"https:\/\/web.nasla.cm\/wp-content\/uploads\/2023\/04\/WhatsApp-Image-2021-11-05-at-08.49.29-1-e1680769550224.jpg\" alt=\"\" width=\"350\" height=\"150\" \/>Pour une dur\u00e9e de deux (02) ann\u00e9es acad\u00e9miques, la formation initiale dipl\u00f4mante dispens\u00e9e par la NASLA a pour objectif de pr\u00e9parer les \u00e9l\u00e8ves aux m\u00e9tiers de l\u2019Administration Locale. Elle comprend trois (03) cycles accessibles par voie de concours\u00a0:<\/p>\n<ol>\n \t<li><strong>Cycle A.<\/strong> Destin\u00e9 \u00e0 la formation des Cadres Sup\u00e9rieurs. disposer d&rsquo;un dipl\u00f4me minimum \u00e9quivalent \u00e0 une Licence (Baccalaur\u00e9at +3) ;<\/li>\n \t<li><strong>Cycle B.<\/strong> Destin\u00e9 \u00e0 la formation des Cadres Moyens. Bacc\u00a0 pour le Cycle\u00a0 B ;<\/li>\n \t<li><strong>Cycle C.<\/strong> Destin\u00e9 \u00e0 la formation des Agents Sp\u00e9cialis\u00e9s. BEPC pour le Cycle C.<\/li>\n<\/ol>\n<p align=\"justify\">Les formations professionnelles pour tous ces cycles sont organis\u00e9es autour des fili\u00e8res m\u00e9tiers ci-apr\u00e8s :<\/p>\n\n<p align=\"justify\"><span style=\"font-size: 1.125rem; font-weight: bolder;\"><strong><em>PILOTAGE, MANAGEMENT ET GESTION DES RESSOURCES<\/em><\/strong><span><\/p>\n<p align=\"justify\">Cette\u00a0fili\u00e8re de m\u00e9tiers s\u2019inscrit comme une priorit\u00e9 pour l\u2019autonomie administrative et financi\u00e8re des Collectivit\u00e9s Territoriales D\u00e9centralis\u00e9es (CTD); laquelle autonomie se traduit par des politiques, ressources humaines, budgets, mat\u00e9riels et services propres.\n\nElle forme des professionnels de l\u2019administration locale dot\u00e9s des outils et des comp\u00e9tences pour la production des politiques, la direction des affaires et la gestion des ressources communales et r\u00e9gionales.\n\nElle s\u2019articule autour de huit (08) sp\u00e9cialisations qui pr\u00e9parent les \u00e9l\u00e8ves de la Formation initiale \u00e0 certains m\u00e9tiers proprement dits de l\u2019administration locale, \u00e0 savoir:<\/p>\n<ul>\n \t<li><strong>Pilotage et Management<\/strong><strong>.<\/strong> Cette sp\u00e9cialisation pr\u00e9pare aux m\u00e9tiers de: Secr\u00e9taire G\u00e9n\u00e9ral de Mairie ou de R\u00e9gion, Directeur Administratif et Financier, Directeur des Services Techniques, Contr\u00f4leur de gestion, charg\u00e9 d\u2019\u00e9valuation des politiques publiques, Conseiller en organisation&#8230;<\/li>\n \t<li><strong>Affaires g\u00e9n\u00e9rales. <\/strong>Cette sp\u00e9cialisation pr\u00e9pare aux m\u00e9tiers de: Responsable des Affaires G\u00e9n\u00e9rales, Assistant Administratif, Agent de Service Administratif, Documentaliste, Archiviste, Secr\u00e9taire de Direction, Secr\u00e9taire, etc.<\/li>\n \t<li><strong>Affaires juridiques. <\/strong>Cette sp\u00e9cialisation pr\u00e9pare aux m\u00e9tiers de: Conseiller Juridique, Responsable des March\u00e9s Publics, Charg\u00e9 des Transactions fonci\u00e8res, Charg\u00e9 des Assurances, Commis, Planton&#8230;<\/li>\n \t<li><strong>Finances<\/strong>. Cette sp\u00e9cialisation pr\u00e9pare aux m\u00e9tiers de: Responsables des Services Financiers, Receveur Municipal ou R\u00e9gional, Comptables-Mati\u00e8res, Contr\u00f4leur Financier, Responsable des D\u00e9penses, Responsables des Recettes, Assistant des services financiers ou comptables, Agent de service financier ou comptable\u2026<\/li>\n \t<li><strong>Ressources Humaines. <\/strong>Cette sp\u00e9cialisation pr\u00e9pare aux m\u00e9tiers de: Responsable des Ressources Humaines, Assistant Ressources Humaines, Charg\u00e9 de la GPEEC, du Recrutement et de la Formation\u2026<\/li>\n \t<li><strong>Syst\u00e8me d\u2019Information et TIC. <\/strong>Cette sp\u00e9cialisation pr\u00e9pare aux m\u00e9tiers de: Responsable Informatique, Technicien de Maintenance Informatique, Analyste programmeur&#8230;<\/li>\n \t<li><strong>Relations publiques et Coop\u00e9ration. Cette<\/strong> sp\u00e9cialisation pr\u00e9pare aux m\u00e9tiers de: Responsable de la Communication, Charg\u00e9 de la communication, Charg\u00e9 de publication, photographe\/vid\u00e9aste, Chef de projet communication num\u00e9rique, Charg\u00e9 de cr\u00e9ation graphique, Responsable des Actions de Coop\u00e9ration\u2026<\/li>\n<\/ul>\n<p align=\"justify\"><span style=\"font-size: 1.125rem; font-weight: bolder;\"><strong><em>POLITIQUES PUBLIQUES D\u2019AM\u00c9NAGEMENT ET D\u00c9VELOPPEMENT TERRITORIAL<\/em><\/strong><\/span>\n<\/p>\n<p align=\"justify\">Cette\u00a0fili\u00e8re de m\u00e9tiers est au c\u0153ur de la promotion du d\u00e9veloppement local attendue de l\u2019action des\u00a0Collectivit\u00e9s Territoriales D\u00e9centralis\u00e9es (CTD).\n\nCette fili\u00e8re forme des professionnels de l\u2019administration locale dot\u00e9s des connaissances et des comp\u00e9tences pour la transformation durable et inclusive des territoires.\n\nElle s\u2019articule autour de cinq (05) sp\u00e9cialisations qui pr\u00e9parent les \u00e9l\u00e8ves de la Formation initiale aux m\u00e9tiers de l\u2019am\u00e9nagement et du d\u00e9veloppement durable et inclusif des territoires, \u00e0 savoir:\n<ul>\n \t<li><strong>D\u00e9veloppement. <\/strong>Cette sp\u00e9cialisation pr\u00e9pare les \u00e9l\u00e8ves aux m\u00e9tiers de: Responsable du D\u00e9veloppement Territorial, Charg\u00e9 du D\u00e9veloppement Touristique, D\u00e9veloppeur Economique\u2026<\/li>\n \t<li>Cette sp\u00e9cialisation pr\u00e9pare les \u00e9l\u00e8ves aux m\u00e9tiers de: Responsable de l\u2019Environnement, Responsable de la Gestion des Espaces Naturels, Conseiller Environnemental, Chef de projet paysage, Chef de projet milieux aquatiques\u2026<\/li>\n \t<li><strong>Urbanisme et am\u00e9nagement<\/strong>. Cette sp\u00e9cialisation pr\u00e9pare les \u00e9l\u00e8ves aux m\u00e9tiers de\u00a0: Responsables Am\u00e9nagements Urbains et Urbanisme, Responsable des Autorisations, Surveillant d\u2019occupation du domaine public, Technicien Contr\u00f4leur des Permis de B\u00e2tir&#8230;<\/li>\n \t<li><strong>Transport et d\u00e9placement. <\/strong>Cette sp\u00e9cialisations pr\u00e9pare aux m\u00e9tiers de: Responsable Transport et Circulation, Charg\u00e9 de la Gestion du Transport, Gestionnaire de Gare Routi\u00e8re;<\/li>\n \t<li><strong>Formation Professionnelle. <\/strong>Cette sp\u00e9cialisation pr\u00e9pare aux m\u00e9tiers de: Responsable de l\u2019Emploi et de la Formation Professionnelle, Animateur Local Emploi-Formation-Insertion.<\/li>\n<\/ul>\n<p align=\"justify\"><span style=\"font-size: 1.125rem; font-weight: bolder;\"><strong><em>ANIMATION ET SERVICES A LA POPULATION<\/em><\/strong><\/span><\/p>\n<p align=\"justify\">Cette\u00a0fili\u00e8re de m\u00e9tiers constitue le levier sur lequel les Collectivit\u00e9s Territoriales D\u00e9centralis\u00e9es (CTD) peuvent s\u2019appuyer pour contribuer \u00e0 la dynamique nationale et mondiale de r\u00e9duction des in\u00e9galit\u00e9s et de construction des soci\u00e9t\u00e9s pacifiques.\n\nElle forme des professionnels de l\u2019administration locale dot\u00e9s des outils, des connaissances et des comp\u00e9tences pour une offre de services sociaux de base durable et accessible \u00e0 tous.\n\nCette fili\u00e8re s\u2019articule autour de cinq (05) sp\u00e9cialisations qui pr\u00e9parent les \u00e9l\u00e8ves de la Formation initiale aux m\u00e9tiers de l\u2019animation et des services \u00e0 la population, \u00e0 savoir:\n<ul>\n \t<li><strong>Responsable des actions sociales, Animateur Social, Responsable d\u2019\u00e9tablissement social ou m\u00e9dico-social, Agent d\u2019Intervention sociale et familiale;<\/strong><\/li>\n \t<li><strong>Education, Animation et Sport<\/strong>, qui pr\u00e9pare aux m\u00e9tiers de: Responsable Jeunesse, Education et Sport, Responsable de structures d\u2019accueil, Assistant d\u2019Education, Animateur loisirs et sports\u2026;<\/li>\n \t<li><strong>Sant\u00e9 publique locale. <\/strong>Cette sp\u00e9cialisation pr\u00e9pare aux m\u00e9tiers de: Responsable de la Sant\u00e9 Publique, M\u00e9decin territorial, Infirmier, Aide-Soignant, Sage-femme\u2026;<\/li>\n \t<li><strong>Etat civil et fun\u00e9raire. <\/strong>, qui pr\u00e9pare aux m\u00e9tiers de: Responsable d\u2019\u00e9tat civil et fun\u00e9raire, Agent d\u2019\u00e9tat civil, Infirmier, Fossoyeur porteur;<\/li>\n<li><strong>Services culturels<\/strong>, qui pr\u00e9pare aux m\u00e9tiers de: Responsable de l\u2019Action Culturelle, Animateur culturel, Responsable d\u2019\u00e9tablissement culturel, Technicien du Spectacle, Responsable de Biblioth\u00e8que, Agent de Biblioth\u00e8que.<\/li>\n<\/ul><\/p>\n\n<p align=\"justify\"><span style=\"font-size: 1.125rem; font-weight: bolder;\"><strong><em>INTERVENTIONS TECHNIQUES<\/em><\/strong><\/span><\/p>\n\n<p align=\"justify\">Cette fili\u00e8re de m\u00e9tiers r\u00e9pond \u00e0 un besoin d\u2019acquisition de connaissances et de comp\u00e9tences des personnels des administrations locales pour la maitrise d\u2019ouvrage des services g\u00e9n\u00e9raux et des attributions locales n\u00e9cessitant une certaine technicit\u00e9.\n\nElle vise \u00e0 favoriser les innovations et des infrastructures de qualit\u00e9 dans les territoires.\n\nCette fili\u00e8re s\u2019articule autour de six (06) sp\u00e9cialisations, \u00e0 savoir:\n<ul>\n \t<li><strong>Atelier, Garage et Services g\u00e9n\u00e9raux. <\/strong>Cette sp\u00e9cialisation pr\u00e9pare aux m\u00e9tiers de: Responsable des services techniques, responsable gestion et maintenance du parc auto, M\u00e9canicien, aide m\u00e9canicien, \u00e9lectricien auto, conducteur d\u2019engins, chauffeur, responsable de l\u2019atelier municipal, agent d\u2019entretien, magasinier, manutentionnaire\u2026 ;<\/li>\n \t<li><strong>Infrastructures et R\u00e9seaux. <\/strong>Cette sp\u00e9cialisation pr\u00e9pare les \u00e9l\u00e8ves aux m\u00e9tiers de\u00a0: Responsable voirie et r\u00e9seaux, Directeur des Infrastructures, Charg\u00e9 de r\u00e9alisation de travaux et r\u00e9seaux divers, agent d\u2019exploitation de la voirie publique, technicien des travaux d\u2019infrastructures, dessinateur, topographe, g\u00e9om\u00e8tre\u2026 ;<\/li>\n \t<li><strong>Eau et Assainissement. <\/strong>Cette sp\u00e9cialisation pr\u00e9pare aux m\u00e9tiers de: Responsable Eaux et Assainissement, Agent d\u2019eau et assainissement, Responsable de station de traitement d\u2019eau potable et d\u2019\u00e9puration\u2026\u00a0;<\/li>\n \t<li><strong>Hygi\u00e8ne publique<\/strong>. Cette sp\u00e9cialisation pr\u00e9pare aux m\u00e9tiers de: Responsable hygi\u00e8ne publique, Contr\u00f4leur Hygi\u00e8ne Publique, Agent de collecte, Responsable de d\u00e9chets solides\u2026 ;<\/li>\n \t<li><strong>Patrimoine b\u00e2ti<\/strong>. Cette sp\u00e9cialisation pr\u00e9pare aux m\u00e9tiers de\u00a0: Responsable b\u00e2timent et patrimoine b\u00e2ti, architecte, technicien b\u00e2timent, ouvrier du b\u00e2timent, Responsable d\u2019\u00e9nergie\u2026\u00a0;<\/li>\n \t<li><strong>Espace Verts<\/strong>. Cette sp\u00e9cialisation pr\u00e9pare aux m\u00e9tiers de\u00a0: responsable espace verts, ouvrier d\u2019entretien des jardins et espaces verts, concepteur paysagiste\u2026<\/li>\n<\/ul>\n<\/p>\t\t\t\t\t\t\t\t<\/div>\n\t\t\t\t<\/div>\n\t\t\t\t\t<\/div>\n\t\t<\/div>\n\t\t\t\t\t<\/div>\n\t\t<\/section>\n\t\t\t\t<section class=\"elementor-section elementor-top-section elementor-element elementor-element-78fb407 elementor-section-boxed elementor-section-height-default elementor-section-height-default wpr-particle-no wpr-jarallax-no wpr-parallax-no wpr-sticky-section-no\" data-id=\"78fb407\" data-element_type=\"section\" data-e-type=\"section\">\n\t\t\t\t\t\t<div class=\"elementor-container elementor-column-gap-default\">\n\t\t\t\t\t<div class=\"elementor-column elementor-col-100 elementor-top-column elementor-element elementor-element-1023ab5\" data-id=\"1023ab5\" data-element_type=\"column\" data-e-type=\"column\">\n\t\t\t<div class=\"elementor-widget-wrap\">\n\t\t\t\t\t\t\t<\/div>\n\t\t<\/div>\n\t\t\t\t\t<\/div>\n\t\t<\/section>\n\t\t\t\t<\/div>\n\t\t","protected":false},"excerpt":{"rendered":"<p>Pour une dur\u00e9e de deux (02) ann\u00e9es acad\u00e9miques, la formation initiale dipl\u00f4mante dispens\u00e9e par la NASLA a pour objectif de &hellip; <\/p>\n","protected":false},"author":88,"featured_media":0,"comment_status":"closed","ping_status":"closed","sticky":false,"template":"","format":"standard","meta":{"ngg_post_thumbnail":0,"cybocfi_hide_featured_image":"","footnotes":""},"categories":[34],"tags":[],"class_list":["post-3000","post","type-post","status-publish","format-standard","hentry","category-formation"],"_links":{"self":[{"href":"https:\/\/web.nasla.cm\/index.php\/wp-json\/wp\/v2\/posts\/3000","targetHints":{"allow":["GET"]}}],"collection":[{"href":"https:\/\/web.nasla.cm\/index.php\/wp-json\/wp\/v2\/posts"}],"about":[{"href":"https:\/\/web.nasla.cm\/index.php\/wp-json\/wp\/v2\/types\/post"}],"author":[{"embeddable":true,"href":"https:\/\/web.nasla.cm\/index.php\/wp-json\/wp\/v2\/users\/88"}],"replies":[{"embeddable":true,"href":"https:\/\/web.nasla.cm\/index.php\/wp-json\/wp\/v2\/comments?post=3000"}],"version-history":[{"count":59,"href":"https:\/\/web.nasla.cm\/index.php\/wp-json\/wp\/v2\/posts\/3000\/revisions"}],"predecessor-version":[{"id":3539,"href":"https:\/\/web.nasla.cm\/index.php\/wp-json\/wp\/v2\/posts\/3000\/revisions\/3539"}],"wp:attachment":[{"href":"https:\/\/web.nasla.cm\/index.php\/wp-json\/wp\/v2\/media?parent=3000"}],"wp:term":[{"taxonomy":"category","embeddable":true,"href":"https:\/\/web.nasla.cm\/index.php\/wp-json\/wp\/v2\/categories?post=3000"},{"taxonomy":"post_tag","embeddable":true,"href":"https:\/\/web.nasla.cm\/index.php\/wp-json\/wp\/v2\/tags?post=3000"}],"curies":[{"name":"wp","href":"https:\/\/api.w.org\/{rel}","templated":true}]}}