{"id":3227,"date":"2023-07-21T19:29:27","date_gmt":"2023-07-21T18:29:27","guid":{"rendered":"https:\/\/web.nasla.cm\/?p=3227"},"modified":"2025-12-16T17:48:19","modified_gmt":"2025-12-16T16:48:19","slug":"formation-continue","status":"publish","type":"post","link":"https:\/\/web.nasla.cm\/index.php\/2023\/07\/21\/formation-continue\/","title":{"rendered":"Formation Continue"},"content":{"rendered":"\t\t<div data-elementor-type=\"wp-post\" data-elementor-id=\"3227\" class=\"elementor elementor-3227\">\n\t\t\t\t\t\t<section class=\"elementor-section elementor-top-section elementor-element elementor-element-505b438d elementor-section-boxed elementor-section-height-default elementor-section-height-default wpr-particle-no wpr-jarallax-no wpr-parallax-no wpr-sticky-section-no\" data-id=\"505b438d\" data-element_type=\"section\" data-e-type=\"section\">\n\t\t\t\t\t\t<div class=\"elementor-container elementor-column-gap-default\">\n\t\t\t\t\t<div class=\"elementor-column elementor-col-100 elementor-top-column elementor-element elementor-element-1d5e18c4\" data-id=\"1d5e18c4\" data-element_type=\"column\" data-e-type=\"column\">\n\t\t\t<div class=\"elementor-widget-wrap elementor-element-populated\">\n\t\t\t\t\t\t<div class=\"elementor-element elementor-element-7cfd94be elementor-widget elementor-widget-text-editor\" data-id=\"7cfd94be\" data-element_type=\"widget\" data-e-type=\"widget\" data-widget_type=\"text-editor.default\">\n\t\t\t\t<div class=\"elementor-widget-container\">\n\t\t\t\t\t\t\t\t\t<p align=\"justify\"><img fetchpriority=\"high\" decoding=\"async\" class=\"wp-image-2317 size-medium alignleft\" src=\"https:\/\/web.nasla.cm\/wp-content\/uploads\/2023\/04\/training-2-300x200.jpg\" alt=\"\" width=\"300\" height=\"200\" srcset=\"https:\/\/web.nasla.cm\/wp-content\/uploads\/2023\/04\/training-2-300x200.jpg 300w, https:\/\/web.nasla.cm\/wp-content\/uploads\/2023\/04\/training-2-1024x683.jpg 1024w, https:\/\/web.nasla.cm\/wp-content\/uploads\/2023\/04\/training-2-768x512.jpg 768w, https:\/\/web.nasla.cm\/wp-content\/uploads\/2023\/04\/training-2-18x12.jpg 18w, https:\/\/web.nasla.cm\/wp-content\/uploads\/2023\/04\/training-2-174x116.jpg 174w, https:\/\/web.nasla.cm\/wp-content\/uploads\/2023\/04\/training-2-272x182.jpg 272w, https:\/\/web.nasla.cm\/wp-content\/uploads\/2023\/04\/training-2.jpg 1410w\" sizes=\"(max-width: 300px) 100vw, 300px\" \/>D\u2019une dur\u00e9e longue de six (06) mois et au moins sup\u00e9rieure \u00e0 trois (03) mois, la formation continue dispens\u00e9e \u00e0 la NASLA comprend les trois (03) cycles ci-apr\u00e8s,\u00a0r\u00e9serv\u00e9s aux professionnels exer\u00e7ant ou se pr\u00e9destinant \u00e0 exercer des fonctions de coordination et d\u2019ex\u00e9cution au sein des collectivit\u00e9s territoriales, des administrations publiques, des \u00e9tablissements publics, des associations, des organisations non-gouvernementales ou des op\u00e9rateurs publics ou internationaux de la d\u00e9centralisation et du d\u00e9veloppement local\u00a0:<\/p>\n\n<ul class=\"wp-block-list\">\n<li><strong>le Cycle de Perfectionnement des Cadres<\/strong>\u00a0: r\u00e9serv\u00e9 aux titulaires d\u2019un BACC+3 ou de tout autre dipl\u00f4me \u00e9quivalent ;<\/li>\n<li><strong>le Cycle de Perfectionnement des Cadres Moyens<\/strong>\u00a0: r\u00e9serv\u00e9 aux titulaires du baccalaur\u00e9at (GCE \u00ab\u00a0A\u00a0\u00bb Level) toutes s\u00e9ries confondues ou de tout autre dipl\u00f4me \u00e9quivalent ;<\/li>\n<li><strong>le Cycle de Perfectionnement des Agents\u00a0<\/strong>: r\u00e9serv\u00e9 aux titulaires du Brevet d\u2019Etudes du Premier Cycle (GCE \u00ab\u00a0O\u00a0\u00bb Level) toutes sp\u00e9cialit\u00e9s confondues ou de tout autre dipl\u00f4me \u00e9quivalent.<\/li>\n<\/ul>\n<p align=\"justify\">Chaque cycle d\u2019\u00e9tudes comprend deux (02) fili\u00e8res articul\u00e9es autour de deux (02) options\u00a0:<\/p>\n<ol>\n<li><strong><u>la fili\u00e8re \u00ab Administration et Gestion des politiques sociales \u00bb (AGPS)<\/u><\/strong> : ouverte aux stagiaires exer\u00e7ant ou se pr\u00e9destinant \u00e0 exercer les fonctions de coordination, d\u2019animation et d\u2019ex\u00e9cution des services techniques, juridiques, administratifs et de communication, des services de gestion des ressources humaines, sanitaires, sociaux, \u00e9ducatifs, culturels et d\u2019encadrement de la jeunesse au sein d\u2019une administration publique, d\u2019un \u00e9tablissement public, d\u2019une Collectivit\u00e9 Territoriale D\u00e9centralis\u00e9e ou d\u2019un op\u00e9rateur public ou international exer\u00e7ant dans le domaine de la d\u00e9centralisation et du d\u00e9veloppement local. Elle s\u2019articule autour de deux (02) options\u00a0:<\/li>\n<\/ol>\n<ul>\n<li style=\"list-style-type: none;\">\n<ul>\n<li style=\"list-style-type: none;\">\n<ul>\n<li>Administration G\u00e9n\u00e9rale (AG)\u00a0;<\/li>\n<li>Gestion des Politiques Sociales (GPS).<\/li>\n<\/ul>\n<\/li>\n<\/ul>\n<\/li>\n<\/ul>\n<p><img decoding=\"async\" class=\"wp-image-2306 size-medium alignright\" style=\"font-weight: 400;\" src=\"https:\/\/web.nasla.cm\/wp-content\/uploads\/2023\/04\/IMG_9335-300x200.jpg\" alt=\"\" width=\"300\" height=\"200\" srcset=\"https:\/\/web.nasla.cm\/wp-content\/uploads\/2023\/04\/IMG_9335-300x200.jpg 300w, https:\/\/web.nasla.cm\/wp-content\/uploads\/2023\/04\/IMG_9335-1024x683.jpg 1024w, https:\/\/web.nasla.cm\/wp-content\/uploads\/2023\/04\/IMG_9335-768x512.jpg 768w, https:\/\/web.nasla.cm\/wp-content\/uploads\/2023\/04\/IMG_9335-1536x1024.jpg 1536w, https:\/\/web.nasla.cm\/wp-content\/uploads\/2023\/04\/IMG_9335-2048x1365.jpg 2048w, https:\/\/web.nasla.cm\/wp-content\/uploads\/2023\/04\/IMG_9335-18x12.jpg 18w, https:\/\/web.nasla.cm\/wp-content\/uploads\/2023\/04\/IMG_9335-174x116.jpg 174w, https:\/\/web.nasla.cm\/wp-content\/uploads\/2023\/04\/IMG_9335-272x182.jpg 272w\" sizes=\"(max-width: 300px) 100vw, 300px\" \/>2. <strong>la fili\u00e8re \u00ab Economie et Gestion des finances locales \u00bb (EGFL)<\/strong> : ouverte aux stagiaires exer\u00e7ant ou se pr\u00e9destinant \u00e0 exercer les fonctions de Planificateur, de d\u00e9veloppeur \u00e9conomique et touristique, de coordination, d\u2019animation et d\u2019ex\u00e9cution des services comptables et de gestion des ressources financi\u00e8res, mat\u00e9rielles et logistiques au sein d\u2019une administration publique, d\u2019un \u00e9tablissement public, d\u2019une Collectivit\u00e9 Territoriale D\u00e9centralis\u00e9e ou d\u2019un op\u00e9rateur public ou international exer\u00e7ant dans le domaine de la d\u00e9centralisation et du d\u00e9veloppement local. Elle s\u2019articule autour de deux (02) options : <\/p>\n<ul class=\"wp-block-list\">\n<li style=\"list-style-type: none;\">\n<ul>\n<li>Gestion des finances locales (GFL)\u00a0;<\/li>\n<li>D\u00e9veloppement \u00e9conomique (DE).<\/li>\n<\/ul>\n<\/li>\n<\/ul>\n\n<p align=\"justify\"><strong>N.B.\u00a0: en ce qui concerne sp\u00e9cifiquement le cycle de perfectionnement des Agents, les fili\u00e8res ne se subdivisent pas en options<\/strong><\/p>\n\t\t\t\t\t\t\t\t<\/div>\n\t\t\t\t<\/div>\n\t\t\t\t\t<\/div>\n\t\t<\/div>\n\t\t\t\t\t<\/div>\n\t\t<\/section>\n\t\t\t\t<section class=\"elementor-section elementor-top-section elementor-element elementor-element-1956589 elementor-section-boxed elementor-section-height-default elementor-section-height-default wpr-particle-no wpr-jarallax-no wpr-parallax-no wpr-sticky-section-no\" data-id=\"1956589\" data-element_type=\"section\" data-e-type=\"section\">\n\t\t\t\t\t\t<div class=\"elementor-container elementor-column-gap-default\">\n\t\t\t\t\t<div class=\"elementor-column elementor-col-50 elementor-top-column elementor-element elementor-element-b84bcfc\" data-id=\"b84bcfc\" data-element_type=\"column\" data-e-type=\"column\">\n\t\t\t<div class=\"elementor-widget-wrap elementor-element-populated\">\n\t\t\t\t\t\t<div class=\"elementor-element elementor-element-1a4c965 elementor-align-center elementor-widget elementor-widget-button\" data-id=\"1a4c965\" data-element_type=\"widget\" data-e-type=\"widget\" data-widget_type=\"button.default\">\n\t\t\t\t<div class=\"elementor-widget-container\">\n\t\t\t\t\t\t\t\t\t<div class=\"elementor-button-wrapper\">\n\t\t\t\t\t<a class=\"elementor-button elementor-button-link elementor-size-sm\" href=\"#\">\n\t\t\t\t\t\t<span class=\"elementor-button-content-wrapper\">\n\t\t\t\t\t\t<span class=\"elementor-button-icon\">\n\t\t\t\t<i aria-hidden=\"true\" class=\"fas fa-download\"><\/i>\t\t\t<\/span>\n\t\t\t\t\t\t\t\t\t<span class=\"elementor-button-text\">T\u00e9l\u00e9charger le Catalogue<\/span>\n\t\t\t\t\t<\/span>\n\t\t\t\t\t<\/a>\n\t\t\t\t<\/div>\n\t\t\t\t\t\t\t\t<\/div>\n\t\t\t\t<\/div>\n\t\t\t\t\t<\/div>\n\t\t<\/div>\n\t\t\t\t<div class=\"elementor-column elementor-col-50 elementor-top-column elementor-element elementor-element-ad5eb68\" data-id=\"ad5eb68\" data-element_type=\"column\" data-e-type=\"column\">\n\t\t\t<div class=\"elementor-widget-wrap elementor-element-populated\">\n\t\t\t\t\t\t<div class=\"elementor-element elementor-element-a84bc55 elementor-align-center elementor-widget elementor-widget-button\" data-id=\"a84bc55\" data-element_type=\"widget\" data-e-type=\"widget\" data-widget_type=\"button.default\">\n\t\t\t\t<div class=\"elementor-widget-container\">\n\t\t\t\t\t\t\t\t\t<div class=\"elementor-button-wrapper\">\n\t\t\t\t\t<a class=\"elementor-button elementor-button-link elementor-size-sm\" href=\"https:\/\/web.nasla.cm\/index.php\/appel-a-candidatures-call-for-applications\/\">\n\t\t\t\t\t\t<span class=\"elementor-button-content-wrapper\">\n\t\t\t\t\t\t<span class=\"elementor-button-icon\">\n\t\t\t\t<i aria-hidden=\"true\" class=\"fas fa-globe\"><\/i>\t\t\t<\/span>\n\t\t\t\t\t\t\t\t\t<span class=\"elementor-button-text\">Postuler pour une formation<\/span>\n\t\t\t\t\t<\/span>\n\t\t\t\t\t<\/a>\n\t\t\t\t<\/div>\n\t\t\t\t\t\t\t\t<\/div>\n\t\t\t\t<\/div>\n\t\t\t\t\t<\/div>\n\t\t<\/div>\n\t\t\t\t\t<\/div>\n\t\t<\/section>\n\t\t\t\t<\/div>\n\t\t","protected":false},"excerpt":{"rendered":"<p>D\u2019une dur\u00e9e longue de six (06) mois et au moins sup\u00e9rieure \u00e0 trois (03) mois, la formation continue dispens\u00e9e \u00e0 &hellip; <\/p>\n","protected":false},"author":88,"featured_media":0,"comment_status":"closed","ping_status":"closed","sticky":false,"template":"","format":"standard","meta":{"ngg_post_thumbnail":0,"cybocfi_hide_featured_image":"","footnotes":""},"categories":[34],"tags":[],"class_list":["post-3227","post","type-post","status-publish","format-standard","hentry","category-formation"],"_links":{"self":[{"href":"https:\/\/web.nasla.cm\/index.php\/wp-json\/wp\/v2\/posts\/3227","targetHints":{"allow":["GET"]}}],"collection":[{"href":"https:\/\/web.nasla.cm\/index.php\/wp-json\/wp\/v2\/posts"}],"about":[{"href":"https:\/\/web.nasla.cm\/index.php\/wp-json\/wp\/v2\/types\/post"}],"author":[{"embeddable":true,"href":"https:\/\/web.nasla.cm\/index.php\/wp-json\/wp\/v2\/users\/88"}],"replies":[{"embeddable":true,"href":"https:\/\/web.nasla.cm\/index.php\/wp-json\/wp\/v2\/comments?post=3227"}],"version-history":[{"count":23,"href":"https:\/\/web.nasla.cm\/index.php\/wp-json\/wp\/v2\/posts\/3227\/revisions"}],"predecessor-version":[{"id":6778,"href":"https:\/\/web.nasla.cm\/index.php\/wp-json\/wp\/v2\/posts\/3227\/revisions\/6778"}],"wp:attachment":[{"href":"https:\/\/web.nasla.cm\/index.php\/wp-json\/wp\/v2\/media?parent=3227"}],"wp:term":[{"taxonomy":"category","embeddable":true,"href":"https:\/\/web.nasla.cm\/index.php\/wp-json\/wp\/v2\/categories?post=3227"},{"taxonomy":"post_tag","embeddable":true,"href":"https:\/\/web.nasla.cm\/index.php\/wp-json\/wp\/v2\/tags?post=3227"}],"curies":[{"name":"wp","href":"https:\/\/api.w.org\/{rel}","templated":true}]}}