{"id":4230,"date":"2024-07-16T17:04:22","date_gmt":"2024-07-16T16:04:22","guid":{"rendered":"https:\/\/web.nasla.cm\/?p=4230"},"modified":"2025-01-10T10:37:05","modified_gmt":"2025-01-10T09:37:05","slug":"a-laube-dune-nouvelle-ere-pour-la-police-municipale","status":"publish","type":"post","link":"https:\/\/web.nasla.cm\/index.php\/2024\/07\/16\/a-laube-dune-nouvelle-ere-pour-la-police-municipale\/","title":{"rendered":"A L\u2019AUBE D\u2019UNE NOUVELLE ERE POUR LA POLICE MUNICIPALE"},"content":{"rendered":"\t\t<div data-elementor-type=\"wp-post\" data-elementor-id=\"4230\" class=\"elementor elementor-4230\">\n\t\t\t\t\t\t<section class=\"elementor-section elementor-top-section elementor-element elementor-element-1f151553 elementor-section-boxed elementor-section-height-default elementor-section-height-default wpr-particle-no wpr-jarallax-no wpr-parallax-no wpr-sticky-section-no\" data-id=\"1f151553\" data-element_type=\"section\" data-e-type=\"section\">\n\t\t\t\t\t\t<div class=\"elementor-container elementor-column-gap-default\">\n\t\t\t\t\t<div class=\"elementor-column elementor-col-100 elementor-top-column elementor-element elementor-element-2a29e143\" data-id=\"2a29e143\" data-element_type=\"column\" data-e-type=\"column\">\n\t\t\t<div class=\"elementor-widget-wrap elementor-element-populated\">\n\t\t\t\t\t\t<div class=\"elementor-element elementor-element-14d5a107 elementor-widget elementor-widget-text-editor\" data-id=\"14d5a107\" data-element_type=\"widget\" data-e-type=\"widget\" data-widget_type=\"text-editor.default\">\n\t\t\t\t<div class=\"elementor-widget-container\">\n\t\t\t\t\t\t\t\t\t<p><strong><em>La c\u00e9r\u00e9monie de lancement de la premi\u00e8re session de formation de base des agents de Police municipale au Cameroun a eu lieu mercredi 10 juillet 2024 au campus de la National School of Local Administration (NASLA) \u00e0 Bu\u00e9a. En pr\u00e9sence de M. Georges ELANGA OBAM, Ministre de la D\u00e9centralisation et du D\u00e9veloppement Local. L\u2019\u00e9v\u00e9nement a rassembl\u00e9 un public impressionnant venu vivre de pr\u00e8s la rentr\u00e9e d\u2019une formation qui, changera \u00e0 coup s\u00fbr, le ph\u00e9nom\u00e8ne du d\u00e9sordre urbain dans nos villes.<\/em><\/strong><\/p>\t\t\t\t\t\t\t\t<\/div>\n\t\t\t\t<\/div>\n\t\t\t\t\t<\/div>\n\t\t<\/div>\n\t\t\t\t\t<\/div>\n\t\t<\/section>\n\t\t\t\t<section class=\"elementor-section elementor-top-section elementor-element elementor-element-55b88565 elementor-section-boxed elementor-section-height-default elementor-section-height-default wpr-particle-no wpr-jarallax-no wpr-parallax-no wpr-sticky-section-no\" data-id=\"55b88565\" data-element_type=\"section\" data-e-type=\"section\">\n\t\t\t\t\t\t<div class=\"elementor-container elementor-column-gap-default\">\n\t\t\t\t\t<div class=\"elementor-column elementor-col-100 elementor-top-column elementor-element elementor-element-6ae65b03\" data-id=\"6ae65b03\" data-element_type=\"column\" data-e-type=\"column\">\n\t\t\t<div class=\"elementor-widget-wrap elementor-element-populated\">\n\t\t\t\t\t\t<div class=\"elementor-element elementor-element-14eea82d elementor-widget elementor-widget-text-editor\" data-id=\"14eea82d\" data-element_type=\"widget\" data-e-type=\"widget\" data-widget_type=\"text-editor.default\">\n\t\t\t\t<div class=\"elementor-widget-container\">\n\t\t\t\t\t\t\t\t\t<p>En pr\u00e9sence des autorit\u00e9s administratives, politiques et traditionnelles, des magistrats municipaux, des apprenants de la formation initiale et surtout du\u00a0premier contingent de pr\u00e9pos\u00e9s agents de police municipale issus de plusieurs communes du pays, le Ministre de la D\u00e9centralisation et du D\u00e9veloppement Local a ouvert la voie \u00e0 une s\u00e9rie de sessions de formations qui se succ\u00e8deront \u00e0 la NASLA, <img fetchpriority=\"high\" decoding=\"async\" class=\"alignright wp-image-4240\" src=\"https:\/\/web.nasla.cm\/wp-content\/uploads\/2024\/07\/2024-police-municipale-03-300x144.jpg\" alt=\"\" width=\"450\" height=\"215\" srcset=\"https:\/\/web.nasla.cm\/wp-content\/uploads\/2024\/07\/2024-police-municipale-03-300x144.jpg 300w, https:\/\/web.nasla.cm\/wp-content\/uploads\/2024\/07\/2024-police-municipale-03-1024x490.jpg 1024w, https:\/\/web.nasla.cm\/wp-content\/uploads\/2024\/07\/2024-police-municipale-03-768x368.jpg 768w, https:\/\/web.nasla.cm\/wp-content\/uploads\/2024\/07\/2024-police-municipale-03-1536x735.jpg 1536w, https:\/\/web.nasla.cm\/wp-content\/uploads\/2024\/07\/2024-police-municipale-03-18x9.jpg 18w, https:\/\/web.nasla.cm\/wp-content\/uploads\/2024\/07\/2024-police-municipale-03-228x109.jpg 228w, https:\/\/web.nasla.cm\/wp-content\/uploads\/2024\/07\/2024-police-municipale-03-600x287.jpg 600w, https:\/\/web.nasla.cm\/wp-content\/uploads\/2024\/07\/2024-police-municipale-03.jpg 1600w\" sizes=\"(max-width: 450px) 100vw, 450px\" \/>et permettant aux pr\u00e9pos\u00e9s agents de la police municipale d\u2019acqu\u00e9rir les connaissances et comp\u00e9tences n\u00e9cessaires \u00e0 l\u2019exercice normal de leur fonction.<\/p><p>Cette formation, qui permettra \u00e9galement de proc\u00e9der \u00e0 une r\u00e9gularisation de l\u2019ensemble des Services de Police municipale existants, s\u2019\u00e9tale sur une dur\u00e9e de trois mois, soit un temps de travail de l\u2019apprenant de 560 heures. Les enseignants dispenseront des modules de formation qui int\u00e8grent les droits humains et libert\u00e9s publiques, les techniques de r\u00e9daction des contraventions et proc\u00e8s-verbaux, la gestion du stress, la communication non violente, le renforcement des aptitudes physiques et civique, et des simulations dans divers domaines tels que les gestes premiers secours, la police fun\u00e9raire, l\u2019immobilisation et la mise en fourri\u00e8re, et la fluidification de la circulation routi\u00e8re. Cela permettra aux services de police municipale d\u2019avoir une ma\u00eetrise de leur environnement professionnel, et d\u2019agir en toute l\u00e9galit\u00e9 dans le respect des principes \u00e9thiques et d\u00e9ontologiques qui sous-tendent l\u2019exercice du m\u00e9tier d\u2019agent de police municipale.<br \/><img decoding=\"async\" class=\"alignleft wp-image-4241\" src=\"https:\/\/web.nasla.cm\/wp-content\/uploads\/2024\/07\/2024-police-municipale-04-300x146.jpg\" alt=\"\" width=\"400\" height=\"194\" srcset=\"https:\/\/web.nasla.cm\/wp-content\/uploads\/2024\/07\/2024-police-municipale-04-300x146.jpg 300w, https:\/\/web.nasla.cm\/wp-content\/uploads\/2024\/07\/2024-police-municipale-04-1024x497.jpg 1024w, https:\/\/web.nasla.cm\/wp-content\/uploads\/2024\/07\/2024-police-municipale-04-768x373.jpg 768w, https:\/\/web.nasla.cm\/wp-content\/uploads\/2024\/07\/2024-police-municipale-04-18x9.jpg 18w, https:\/\/web.nasla.cm\/wp-content\/uploads\/2024\/07\/2024-police-municipale-04-228x111.jpg 228w, https:\/\/web.nasla.cm\/wp-content\/uploads\/2024\/07\/2024-police-municipale-04-600x291.jpg 600w, https:\/\/web.nasla.cm\/wp-content\/uploads\/2024\/07\/2024-police-municipale-04.jpg 1340w\" sizes=\"(max-width: 400px) 100vw, 400px\" \/><br \/>Ladite formation marque surtout une \u00e9tape d\u00e9cisive dans la mat\u00e9rialisation de la volont\u00e9 de Monsieur le Pr\u00e9sident de la R\u00e9publique, d\u2019assainir le service de la police municipale en dotant les communes et les communaut\u00e9s Urbaines d\u2019agents sp\u00e9cialis\u00e9s bien form\u00e9s pour relever les d\u00e9fis du maintien du bon ordre, ainsi que de la s\u00e9curit\u00e9, de la tranquillit\u00e9, de la suret\u00e9 et de la salubrit\u00e9 publiques dans leurs territoires respectifs.<\/p><p>Au cours de son allocution de circonstance, le Ministre a expos\u00e9 sur <em>la th\u00e9matique relative \u00e0 la Police Municipale comme vecteur du d\u00e9veloppement local et de la coh\u00e9sion dans les territoires au Cameroun. Ceci rev\u00eat une importance capitale pour notre nation, en plein processus de d\u00e9centralisation, en qu\u00eate d\u2019un d\u00e9veloppement durable et inclusif, mais surtout au regard de l\u2019actualit\u00e9. <\/em>Cette communication visait \u00e0 explorer et \u00e0 c\u00e9l\u00e9brer le r\u00f4le transformateur de la police municipale, qui, par sa collaboration \u00e9troite avec divers acteurs locaux, au chef desquels les Forces de Maintien de l\u2019Ordre, devient un v\u00e9ritable vecteur de progr\u00e8s et de solidarit\u00e9.<img decoding=\"async\" class=\"alignright wp-image-4239\" src=\"https:\/\/web.nasla.cm\/wp-content\/uploads\/2024\/07\/2024-police-municipale-02-300x138.jpg\" alt=\"\" width=\"500\" height=\"231\" srcset=\"https:\/\/web.nasla.cm\/wp-content\/uploads\/2024\/07\/2024-police-municipale-02-300x138.jpg 300w, https:\/\/web.nasla.cm\/wp-content\/uploads\/2024\/07\/2024-police-municipale-02-768x354.jpg 768w, https:\/\/web.nasla.cm\/wp-content\/uploads\/2024\/07\/2024-police-municipale-02-18x8.jpg 18w, https:\/\/web.nasla.cm\/wp-content\/uploads\/2024\/07\/2024-police-municipale-02-228x105.jpg 228w, https:\/\/web.nasla.cm\/wp-content\/uploads\/2024\/07\/2024-police-municipale-02-600x277.jpg 600w, https:\/\/web.nasla.cm\/wp-content\/uploads\/2024\/07\/2024-police-municipale-02.jpg 936w\" sizes=\"(max-width: 500px) 100vw, 500px\" \/><\/p><p>Le maitre des lieux, le Directeur General de la NASLA, quant \u00e0 lui a indiqu\u00e9 que \u00ab <em>C\u2019est avec satisfaction que la NASLA proc\u00e8de au lancement de cette formation pour laquelle elle remercie le Gouvernement de la R\u00e9publique et plus pr\u00e9cis\u00e9ment le Minist\u00e8re de la D\u00e9centralisation et du D\u00e9veloppement Local, le Minist\u00e8re des Finances ainsi que la D\u00e9l\u00e9gation G\u00e9n\u00e9rale \u00e0 la S\u00fbret\u00e9 Nationale pour l\u2019encadrement et l\u2019accompagnement qu\u2019ils ont accord\u00e9s \u00e0 l\u2019\u00e9cole dans l\u2019organisation de cette formation. La gratitude de la NASLA va en outre, \u00e0 l\u2019endroit de ses partenaires traditionnels qui l\u2019accompagnent dans la r\u00e9alisation de cette mission qu\u2019elle entend r\u00e9ussir en comptant toujours sur ces m\u00eames soutiens. Toute chose qui met en exergue, la n\u00e9cessit\u00e9 pour la Police municipale de disposer d\u2019un personnel aguerri et apte pour l\u2019exercice de ces responsabilit\u00e9s qui ont une incidence certaine sur l\u2019essor de la Commune <\/em>\u00bb.<\/p><p><strong>NASLA\u00a0: Des infrastructures de pointe pour une formation ad\u00e9quate.<\/strong><\/p><p><img loading=\"lazy\" decoding=\"async\" class=\"alignleft wp-image-4242\" src=\"https:\/\/web.nasla.cm\/wp-content\/uploads\/2024\/07\/2024-police-municipale-05-300x138.jpg\" alt=\"\" width=\"500\" height=\"231\" srcset=\"https:\/\/web.nasla.cm\/wp-content\/uploads\/2024\/07\/2024-police-municipale-05-300x138.jpg 300w, https:\/\/web.nasla.cm\/wp-content\/uploads\/2024\/07\/2024-police-municipale-05-1024x472.jpg 1024w, https:\/\/web.nasla.cm\/wp-content\/uploads\/2024\/07\/2024-police-municipale-05-768x354.jpg 768w, https:\/\/web.nasla.cm\/wp-content\/uploads\/2024\/07\/2024-police-municipale-05-1536x708.jpg 1536w, https:\/\/web.nasla.cm\/wp-content\/uploads\/2024\/07\/2024-police-municipale-05-18x8.jpg 18w, https:\/\/web.nasla.cm\/wp-content\/uploads\/2024\/07\/2024-police-municipale-05-228x105.jpg 228w, https:\/\/web.nasla.cm\/wp-content\/uploads\/2024\/07\/2024-police-municipale-05-600x277.jpg 600w, https:\/\/web.nasla.cm\/wp-content\/uploads\/2024\/07\/2024-police-municipale-05.jpg 1600w\" sizes=\"(max-width: 500px) 100vw, 500px\" \/><br \/>Le bloc administratif et p\u00e9dagogique dont la mise en service a \u00e9galement \u00e9t\u00e9 c\u00e9l\u00e9br\u00e9e \u00e0 l\u2019occasion, est une b\u00e2tisse moderne \u00e0 trois niveaux, avec un mod\u00e8le architectural qui laisse penser \u00e0 deux tours jumelles s\u00e9par\u00e9es par des cloisonnements communicants, et qui favorisent l\u2019acc\u00e8s aux diff\u00e9rents compartiments de l\u2019\u00e9difice. La tour lat\u00e9rale gauche est \u00e0 usage de bureaux et salles de r\u00e9unions administratives\u00a0; Tandis que la tour lat\u00e9rale droite est \u00e0 usage acad\u00e9mique, avec une capacit\u00e9 totale de 500 tables-bancs. L\u2019ensemble a \u00e9t\u00e9 construit certes, en tenant compte de l\u2019\u00e9cosyst\u00e8me local et ses al\u00e9as, mais aussi en tenant compte de la n\u00e9cessaire accessibilit\u00e9 de toutes les couches, y compris de la couche la plus vuln\u00e9rable des personnes \u00e0 mobilit\u00e9 r\u00e9duite.<br \/><br \/><br \/><\/p><p><img loading=\"lazy\" decoding=\"async\" class=\"aligncenter\" src=\"https:\/\/web.nasla.cm\/wp-content\/uploads\/2024\/07\/2024-police-municipale-01.jpg\" alt=\"\" width=\"800\" height=\"600\" \/><\/p>\t\t\t\t\t\t\t\t<\/div>\n\t\t\t\t<\/div>\n\t\t\t\t\t<\/div>\n\t\t<\/div>\n\t\t\t\t\t<\/div>\n\t\t<\/section>\n\t\t\t\t<\/div>\n\t\t","protected":false},"excerpt":{"rendered":"<p>La c\u00e9r\u00e9monie de lancement de la premi\u00e8re session de formation de base des agents de Police municipale au Cameroun a &hellip; <\/p>\n","protected":false},"author":88,"featured_media":0,"comment_status":"closed","ping_status":"closed","sticky":false,"template":"","format":"standard","meta":{"ngg_post_thumbnail":0,"cybocfi_hide_featured_image":"yes","footnotes":""},"categories":[39,34,54],"tags":[],"class_list":["post-4230","post","type-post","status-publish","format-standard","hentry","category-concours","category-formation","category-police-municipale"],"_links":{"self":[{"href":"https:\/\/web.nasla.cm\/index.php\/wp-json\/wp\/v2\/posts\/4230","targetHints":{"allow":["GET"]}}],"collection":[{"href":"https:\/\/web.nasla.cm\/index.php\/wp-json\/wp\/v2\/posts"}],"about":[{"href":"https:\/\/web.nasla.cm\/index.php\/wp-json\/wp\/v2\/types\/post"}],"author":[{"embeddable":true,"href":"https:\/\/web.nasla.cm\/index.php\/wp-json\/wp\/v2\/users\/88"}],"replies":[{"embeddable":true,"href":"https:\/\/web.nasla.cm\/index.php\/wp-json\/wp\/v2\/comments?post=4230"}],"version-history":[{"count":31,"href":"https:\/\/web.nasla.cm\/index.php\/wp-json\/wp\/v2\/posts\/4230\/revisions"}],"predecessor-version":[{"id":4293,"href":"https:\/\/web.nasla.cm\/index.php\/wp-json\/wp\/v2\/posts\/4230\/revisions\/4293"}],"wp:attachment":[{"href":"https:\/\/web.nasla.cm\/index.php\/wp-json\/wp\/v2\/media?parent=4230"}],"wp:term":[{"taxonomy":"category","embeddable":true,"href":"https:\/\/web.nasla.cm\/index.php\/wp-json\/wp\/v2\/categories?post=4230"},{"taxonomy":"post_tag","embeddable":true,"href":"https:\/\/web.nasla.cm\/index.php\/wp-json\/wp\/v2\/tags?post=4230"}],"curies":[{"name":"wp","href":"https:\/\/api.w.org\/{rel}","templated":true}]}}