{"id":6528,"date":"2025-04-25T13:18:32","date_gmt":"2025-04-25T12:18:32","guid":{"rendered":"https:\/\/web.nasla.cm\/?p=6528"},"modified":"2025-04-25T13:32:05","modified_gmt":"2025-04-25T12:32:05","slug":"des-agents-de-police-municipale-en-formation-a-la-nasla-2","status":"publish","type":"post","link":"https:\/\/web.nasla.cm\/index.php\/2025\/04\/25\/des-agents-de-police-municipale-en-formation-a-la-nasla-2\/","title":{"rendered":"DES AGENTS DE POLICE MUNICIPALE EN FORMATION A LA NASLA"},"content":{"rendered":"\t\t<div data-elementor-type=\"wp-post\" data-elementor-id=\"6528\" class=\"elementor elementor-6528\">\n\t\t\t\t\t\t<section class=\"elementor-section elementor-top-section elementor-element elementor-element-6b37e4b5 elementor-section-boxed elementor-section-height-default elementor-section-height-default wpr-particle-no wpr-jarallax-no wpr-parallax-no wpr-sticky-section-no\" data-id=\"6b37e4b5\" data-element_type=\"section\" data-e-type=\"section\">\n\t\t\t\t\t\t<div class=\"elementor-container elementor-column-gap-default\">\n\t\t\t\t\t<div class=\"elementor-column elementor-col-100 elementor-top-column elementor-element elementor-element-7c83ad30\" data-id=\"7c83ad30\" data-element_type=\"column\" data-e-type=\"column\">\n\t\t\t<div class=\"elementor-widget-wrap elementor-element-populated\">\n\t\t\t\t\t\t<div class=\"elementor-element elementor-element-72af7be4 elementor-widget elementor-widget-text-editor\" data-id=\"72af7be4\" data-element_type=\"widget\" data-e-type=\"widget\" data-widget_type=\"text-editor.default\">\n\t\t\t\t<div class=\"elementor-widget-container\">\n\t\t\t\t\t\t\t\t\t<p>La deuxi\u00e8me session de formation, lanc\u00e9e le 29 mars 2025, vise \u00e0 doter les agents de police municipale de capacit\u00e9s pour lutter contre le d\u00e9sordre urbain dans les villes. La c\u00e9r\u00e9monie a \u00e9t\u00e9 pr\u00e9sid\u00e9 par le DG\/NASLA et le COM-CIAP adjoint.<\/p>\t\t\t\t\t\t\t\t<\/div>\n\t\t\t\t<\/div>\n\t\t\t\t\t<\/div>\n\t\t<\/div>\n\t\t\t\t\t<\/div>\n\t\t<\/section>\n\t\t\t\t<section class=\"elementor-section elementor-top-section elementor-element elementor-element-3afbb779 elementor-section-boxed elementor-section-height-default elementor-section-height-default wpr-particle-no wpr-jarallax-no wpr-parallax-no wpr-sticky-section-no\" data-id=\"3afbb779\" data-element_type=\"section\" data-e-type=\"section\">\n\t\t\t\t\t\t<div class=\"elementor-container elementor-column-gap-default\">\n\t\t\t\t\t<div class=\"elementor-column elementor-col-100 elementor-top-column elementor-element elementor-element-57f93b47\" data-id=\"57f93b47\" data-element_type=\"column\" data-e-type=\"column\">\n\t\t\t<div class=\"elementor-widget-wrap elementor-element-populated\">\n\t\t\t\t\t\t<div class=\"elementor-element elementor-element-6334a053 elementor-widget elementor-widget-text-editor\" data-id=\"6334a053\" data-element_type=\"widget\" data-e-type=\"widget\" data-widget_type=\"text-editor.default\">\n\t\t\t\t<div class=\"elementor-widget-container\">\n\t\t\t\t\t\t\t\t\t<p align=\"justify\"><img fetchpriority=\"high\" decoding=\"async\" class=\"wp-image-6541 size-full aligncenter\" src=\"https:\/\/web.nasla.cm\/wp-content\/uploads\/2025\/04\/pm202503-00.jpg\" alt=\"\" width=\"720\" height=\"331\" srcset=\"https:\/\/web.nasla.cm\/wp-content\/uploads\/2025\/04\/pm202503-00.jpg 720w, https:\/\/web.nasla.cm\/wp-content\/uploads\/2025\/04\/pm202503-00-300x138.jpg 300w, https:\/\/web.nasla.cm\/wp-content\/uploads\/2025\/04\/pm202503-00-18x8.jpg 18w, https:\/\/web.nasla.cm\/wp-content\/uploads\/2025\/04\/pm202503-00-228x105.jpg 228w, https:\/\/web.nasla.cm\/wp-content\/uploads\/2025\/04\/pm202503-00-600x276.jpg 600w\" sizes=\"(max-width: 720px) 100vw, 720px\" \/><\/p>\n<p style=\"text-align: center;\"><\/p>\n<p style=\"text-align: justify;\">Le 29 mars 2025, la National School of Local Administration (NASLA) a officiellement lanc\u00e9 la 2\u00e8me session de formation d&rsquo;agents de police municipale. Cette formation intensive de trois mois (560 heures) accueille 109 stagiaires provenant de 12 communes du Cameroun. Pour s&rsquo;y int\u00e9resser, la commune de Yaound\u00e9 4, ainsi que celle de Mokolo et bien d\u2019autres, y sont valablement repr\u00e9sent\u00e9es. Cette initiative s&rsquo;inscrit dans une logique de la professionnalisation du corps de la police municipale. \u00c9galement, elle vise \u00e0 am\u00e9liorer ses relations avec la population, notamment apr\u00e8s de nombreux incidents ayant mis en lumi\u00e8re le besoin urgent de renforcer les capacit\u00e9s des agents.\u00a0 C&rsquo;est le cas du drame survenu le 17 avril 2024 dans la ville de Yaound\u00e9, o\u00f9 l&rsquo;intervention d&rsquo;un agent municipal aurait entra\u00een\u00e9 le d\u00e9c\u00e8s d&rsquo;un chauffeur de moto-taxi et de son passager.<\/p>\n<p style=\"text-align: justify;\">Le programme de formation, approuv\u00e9 par le ministre en charge de la d\u00e9centralisation, est rigoureux et complet. Il comprend des modules th\u00e9oriques et pratiques couvrant un large \u00e9ventail de comp\u00e9tences essentielles pour le m\u00e9tier. Il s&rsquo;agit, notamment d&rsquo;un module juridique ax\u00e9 sur les droits humains et les limites l\u00e9gales de l&rsquo;intervention; un module administratif portant sur la r\u00e9daction de documents officiels; un module de gestion du stress et de communication non-violente pour une meilleure interaction avec le public; un module combinant pr\u00e9paration physique et \u00e9ducation civique; et enfin, un module pratique bas\u00e9 sur des simulations de situations r\u00e9elles, incluant des exercices de premiers secours, de gestion de la circulation et de proc\u00e9dures li\u00e9es \u00e0 l&rsquo;immobilisation de v\u00e9hicules.<\/p>\t\t\t\t\t\t\t\t<\/div>\n\t\t\t\t<\/div>\n\t\t\t\t\t<\/div>\n\t\t<\/div>\n\t\t\t\t\t<\/div>\n\t\t<\/section>\n\t\t\t\t<section class=\"elementor-section elementor-top-section elementor-element elementor-element-4d708a8 elementor-section-boxed elementor-section-height-default elementor-section-height-default wpr-particle-no wpr-jarallax-no wpr-parallax-no wpr-sticky-section-no\" data-id=\"4d708a8\" data-element_type=\"section\" data-e-type=\"section\">\n\t\t\t\t\t\t<div class=\"elementor-container elementor-column-gap-default\">\n\t\t\t\t\t<div class=\"elementor-column elementor-col-100 elementor-top-column elementor-element elementor-element-1ffce98\" data-id=\"1ffce98\" data-element_type=\"column\" data-e-type=\"column\">\n\t\t\t<div class=\"elementor-widget-wrap elementor-element-populated\">\n\t\t\t\t\t\t<div class=\"elementor-element elementor-element-76dcc3f elementor-widget elementor-widget-text-editor\" data-id=\"76dcc3f\" data-element_type=\"widget\" data-e-type=\"widget\" data-widget_type=\"text-editor.default\">\n\t\t\t\t<div class=\"elementor-widget-container\">\n\t\t\t\t\t\t\t\t\t<p style=\"text-align: justify;\">Tel que pr\u00e9cis\u00e9 par le Directeur G\u00e9n\u00e9ral de la NASLA, <em>\u00ab\u00a0N&rsquo;est policier municipal que celui qui a \u00e9t\u00e9 form\u00e9 \u00e0 la NASLA. Il est donc de notre devoir et de notre mission de mettre en place le dispositif qui permet \u00e0 ceux qui veulent se conformer \u00e0 la r\u00e9glementation en vigueur de le faire en envoyant leurs \u00e9l\u00e9ments ici pour se faire former<\/em>\u00a0\u00bb. \u00a0Par ailleurs, \u00ab\u00a0<em>nous sommes tous t\u00e9moins des incidents v\u00e9cus dans certaines villes entre les policiers municipaux et les populations. Il est donc de bon ton qu&rsquo;on puisse administrer une formation pour permettre que la police municipale, qui est un auxiliaire de la police nationale et un \u00e9l\u00e9ment important de la police de proximit\u00e9, ait les outils, les comp\u00e9tences et les aptitudes pour pouvoir interagir avec les populations, remplir sa mission, s&rsquo;assurer du bon ordre et du bon vivre de nos citoyens. La tol\u00e9rance administrative semble tirer \u00e0 sa fin<\/em>.\u00a0\u00bb poursuit-il.<\/p>\n<p style=\"text-align: justify;\">Par ces mots, la NASLA lance ainsi un vibrant appel aux communes afin d\u2019envoyer leurs agents de police municipale en formation.<\/p>\n<img decoding=\"async\" class=\"aligncenter size-full wp-image-6542\" src=\"https:\/\/web.nasla.cm\/wp-content\/uploads\/2025\/04\/pm202504-20.jpg\" alt=\"\" width=\"992\" height=\"500\" srcset=\"https:\/\/web.nasla.cm\/wp-content\/uploads\/2025\/04\/pm202504-20.jpg 992w, https:\/\/web.nasla.cm\/wp-content\/uploads\/2025\/04\/pm202504-20-300x151.jpg 300w, https:\/\/web.nasla.cm\/wp-content\/uploads\/2025\/04\/pm202504-20-768x387.jpg 768w, https:\/\/web.nasla.cm\/wp-content\/uploads\/2025\/04\/pm202504-20-18x9.jpg 18w, https:\/\/web.nasla.cm\/wp-content\/uploads\/2025\/04\/pm202504-20-228x116.jpg 228w, https:\/\/web.nasla.cm\/wp-content\/uploads\/2025\/04\/pm202504-20-600x302.jpg 600w\" sizes=\"(max-width: 992px) 100vw, 992px\" \/>\t\t\t\t\t\t\t\t<\/div>\n\t\t\t\t<\/div>\n\t\t\t\t\t<\/div>\n\t\t<\/div>\n\t\t\t\t\t<\/div>\n\t\t<\/section>\n\t\t\t\t<\/div>\n\t\t","protected":false},"excerpt":{"rendered":"<p>La deuxi\u00e8me session de formation, lanc\u00e9e le 29 mars 2025, vise \u00e0 doter les agents de police municipale de capacit\u00e9s &hellip; <\/p>\n","protected":false},"author":88,"featured_media":3840,"comment_status":"closed","ping_status":"closed","sticky":false,"template":"","format":"standard","meta":{"ngg_post_thumbnail":0,"cybocfi_hide_featured_image":"yes","footnotes":""},"categories":[54],"tags":[],"class_list":["post-6528","post","type-post","status-publish","format-standard","has-post-thumbnail","hentry","category-police-municipale"],"_links":{"self":[{"href":"https:\/\/web.nasla.cm\/index.php\/wp-json\/wp\/v2\/posts\/6528","targetHints":{"allow":["GET"]}}],"collection":[{"href":"https:\/\/web.nasla.cm\/index.php\/wp-json\/wp\/v2\/posts"}],"about":[{"href":"https:\/\/web.nasla.cm\/index.php\/wp-json\/wp\/v2\/types\/post"}],"author":[{"embeddable":true,"href":"https:\/\/web.nasla.cm\/index.php\/wp-json\/wp\/v2\/users\/88"}],"replies":[{"embeddable":true,"href":"https:\/\/web.nasla.cm\/index.php\/wp-json\/wp\/v2\/comments?post=6528"}],"version-history":[{"count":5,"href":"https:\/\/web.nasla.cm\/index.php\/wp-json\/wp\/v2\/posts\/6528\/revisions"}],"predecessor-version":[{"id":6545,"href":"https:\/\/web.nasla.cm\/index.php\/wp-json\/wp\/v2\/posts\/6528\/revisions\/6545"}],"wp:featuredmedia":[{"embeddable":true,"href":"https:\/\/web.nasla.cm\/index.php\/wp-json\/wp\/v2\/media\/3840"}],"wp:attachment":[{"href":"https:\/\/web.nasla.cm\/index.php\/wp-json\/wp\/v2\/media?parent=6528"}],"wp:term":[{"taxonomy":"category","embeddable":true,"href":"https:\/\/web.nasla.cm\/index.php\/wp-json\/wp\/v2\/categories?post=6528"},{"taxonomy":"post_tag","embeddable":true,"href":"https:\/\/web.nasla.cm\/index.php\/wp-json\/wp\/v2\/tags?post=6528"}],"curies":[{"name":"wp","href":"https:\/\/api.w.org\/{rel}","templated":true}]}}