{"id":6657,"date":"2025-07-11T14:14:00","date_gmt":"2025-07-11T13:14:00","guid":{"rendered":"https:\/\/web.nasla.cm\/?p=6657"},"modified":"2025-07-11T14:40:07","modified_gmt":"2025-07-11T13:40:07","slug":"des-policiers-municipaux-plus-outilles-et-plus-professionnels","status":"publish","type":"post","link":"https:\/\/web.nasla.cm\/index.php\/2025\/07\/11\/des-policiers-municipaux-plus-outilles-et-plus-professionnels\/","title":{"rendered":"DES POLICIERS MUNICIPAUX PLUS OUTILLES ET PLUS PROFESSIONNELS"},"content":{"rendered":"\t\t<div data-elementor-type=\"wp-post\" data-elementor-id=\"6657\" class=\"elementor elementor-6657\">\n\t\t\t\t\t\t<section class=\"elementor-section elementor-top-section elementor-element elementor-element-69879ccb elementor-section-boxed elementor-section-height-default elementor-section-height-default wpr-particle-no wpr-jarallax-no wpr-parallax-no wpr-sticky-section-no\" data-id=\"69879ccb\" data-element_type=\"section\" data-e-type=\"section\">\n\t\t\t\t\t\t<div class=\"elementor-container elementor-column-gap-default\">\n\t\t\t\t\t<div class=\"elementor-column elementor-col-100 elementor-top-column elementor-element elementor-element-35bdddf8\" data-id=\"35bdddf8\" data-element_type=\"column\" data-e-type=\"column\">\n\t\t\t<div class=\"elementor-widget-wrap elementor-element-populated\">\n\t\t\t\t\t\t<div class=\"elementor-element elementor-element-333a484 elementor-widget elementor-widget-text-editor\" data-id=\"333a484\" data-element_type=\"widget\" data-e-type=\"widget\" data-widget_type=\"text-editor.default\">\n\t\t\t\t<div class=\"elementor-widget-container\">\n\t\t\t\t\t\t\t\t\t<p align=\"justify\">Le mardi 1er Juillet 2025, 182 Stagiaires de la 2\u00e8me Session de Formation des Agents de la Police Municipale de la NASLA ont re\u00e7u leurs Parchemins de fin de formation au Centre d&rsquo;instruction et d&rsquo;Application de la Police de Mutengene (CIAP). La C\u00e9r\u00e9monie \u00e9tait pr\u00e9sid\u00e9e par Monsieur le Directeur G\u00e9n\u00e9ral de la NASLA, en pr\u00e9sence du repr\u00e9sentant du Ministre de la D\u00e9centralisation et du D\u00e9veloppement Local et des officiels du CIAP.<\/p>\t\t\t\t\t\t\t\t<\/div>\n\t\t\t\t<\/div>\n\t\t\t\t\t<\/div>\n\t\t<\/div>\n\t\t\t\t\t<\/div>\n\t\t<\/section>\n\t\t\t\t<section class=\"elementor-section elementor-top-section elementor-element elementor-element-403c0e66 elementor-section-boxed elementor-section-height-default elementor-section-height-default wpr-particle-no wpr-jarallax-no wpr-parallax-no wpr-sticky-section-no\" data-id=\"403c0e66\" data-element_type=\"section\" data-e-type=\"section\">\n\t\t\t\t\t\t<div class=\"elementor-container elementor-column-gap-default\">\n\t\t\t\t\t<div class=\"elementor-column elementor-col-100 elementor-top-column elementor-element elementor-element-25ad40d3\" data-id=\"25ad40d3\" data-element_type=\"column\" data-e-type=\"column\">\n\t\t\t<div class=\"elementor-widget-wrap elementor-element-populated\">\n\t\t\t\t\t\t<div class=\"elementor-element elementor-element-7f17466d elementor-widget elementor-widget-text-editor\" data-id=\"7f17466d\" data-element_type=\"widget\" data-e-type=\"widget\" data-widget_type=\"text-editor.default\">\n\t\t\t\t<div class=\"elementor-widget-container\">\n\t\t\t\t\t\t\t\t\t<p><br \/><img fetchpriority=\"high\" decoding=\"async\" class=\"aligncenter wp-image-6659 size-full\" src=\"https:\/\/web.nasla.cm\/wp-content\/uploads\/2025\/07\/sortie-PM2-01.jpg\" alt=\"\" width=\"450\" height=\"227\" srcset=\"https:\/\/web.nasla.cm\/wp-content\/uploads\/2025\/07\/sortie-PM2-01.jpg 450w, https:\/\/web.nasla.cm\/wp-content\/uploads\/2025\/07\/sortie-PM2-01-300x151.jpg 300w, https:\/\/web.nasla.cm\/wp-content\/uploads\/2025\/07\/sortie-PM2-01-18x9.jpg 18w, https:\/\/web.nasla.cm\/wp-content\/uploads\/2025\/07\/sortie-PM2-01-228x116.jpg 228w\" sizes=\"(max-width: 450px) 100vw, 450px\" \/><\/p><p align=\"justify\">La formation en police municipale s\u2019inscrit dans la logique de la mise en \u0153uvre du d\u00e9cret pr\u00e9sidentiel du 09 Ao\u00fbt 2022 fixant les modalit\u00e9s d&rsquo;exercice de la Police Municipale, conf\u00e8re \u00e0 la NASLA, l\u2019exclusivit\u00e9 de la formation de base, du recyclage et de la formation sp\u00e9cifique des agents de Police Municipale. En outre, dans l\u2019article 33, il prescrit aux municipalit\u00e9s un d\u00e9lai transitoire de 18 mois \u00e0 compter du 09 ao\u00fbt 2022 pour s\u2019arrimer \u00e0 la nouvelle donne.<\/p><p align=\"justify\">L\u2019objectif de ladite formation est de mettre \u00e0 niveau les capacit\u00e9s des pr\u00e9pos\u00e9s agents de Police Municipale envoy\u00e9s par les Communes, les Communaut\u00e9s Urbaines et les Communes d\u2019Arrondissement, contribuant ainsi \u00e0 l\u2019am\u00e9lioration de la performance des services charg\u00e9s de la Police Municipale.<\/p><p align=\"justify\">La formation est ax\u00e9e sur le d\u00e9veloppement des Comp\u00e9tences de l\u2019apprenant. Les diff\u00e9rents enseignements et m\u00e9thodes pr\u00e9vus visent \u00e0 forger le savoir, le savoir-faire et le savoir-\u00eatre des stagiaires autour des principaux m\u00e9tiers de la Police municipale d\u00e9finis par le d\u00e9cret pr\u00e9sidentiel du 09 ao\u00fbt 2022.<\/p><p align=\"justify\">A ce titre, les 182 apprenants ont principalement \u00e9t\u00e9 entretenus durant ces trois (03) mois sur :<\/p><ul><li>les fondamentaux sur la Police Municipale ;<\/li><li>Le droit de la Police Municipale ;<\/li><li>l&rsquo;organisation et le fonctionnement des services municipaux ;<\/li><li>la r\u00e9daction des actes de proc\u00e9dure ;<\/li><li>la gestion des conflits et du stress ;<\/li><li>la m\u00e9diation sociale ;<\/li><li>la communication et la gestion des conflits ;<\/li><li>la communication non-violente;<\/li><li>les modalit\u00e9s de collaboration avec la Police nationale et les autres corps habill\u00e9s.<\/li><\/ul><p align=\"justify\">Le volet pratique de cette formation comportait :<\/p><ul><li>des ateliers pratiques et exercices d&rsquo;interventions ;<\/li><li>les s\u00e9ances quotidiennes de sport ;<\/li><li>le renforcement des aptitudes physiques et les simulations d\u2019intervention ;<\/li><\/ul><p align=\"justify\"><img decoding=\"async\" class=\"aligncenter wp-image-6660 size-full\" src=\"https:\/\/web.nasla.cm\/wp-content\/uploads\/2025\/07\/sortie-PM2-02.jpg\" alt=\"\" width=\"291\" height=\"265\" srcset=\"https:\/\/web.nasla.cm\/wp-content\/uploads\/2025\/07\/sortie-PM2-02.jpg 291w, https:\/\/web.nasla.cm\/wp-content\/uploads\/2025\/07\/sortie-PM2-02-13x12.jpg 13w, https:\/\/web.nasla.cm\/wp-content\/uploads\/2025\/07\/sortie-PM2-02-127x116.jpg 127w\" sizes=\"(max-width: 291px) 100vw, 291px\" \/><\/p><p align=\"justify\"><strong>Au demeurant, Monsieur TANYITIKU E. BAYEE a prescrit quelques recommandations aux Stagiaires de la 2\u00e8me Session de Formation des Agents de police municipale : \u2018\u2018<em>Le d\u00e9fis d&rsquo;assainissement urbain que vous \u00eates appel\u00e9s \u00e0 relever aux c\u00f4t\u00e9s des Maires et des populations, engage de vous : le professionnalisme dans les interventions et le fonctionnement des patrouilles ; le professionnalisme dans l&rsquo;immobilisation des v\u00e9hicules et leur mise en fourri\u00e8re. Vous devez en outre, privil\u00e9gier la participation citoyenne dans vos interactions quotidiennes avec les usagers, et mettre en avant un sens \u00e9lev\u00e9 du respect de l&rsquo;\u00e9thique et de la d\u00e9ontologie\u2019\u2019<\/em><\/strong><\/p>\t\t\t\t\t\t\t\t<\/div>\n\t\t\t\t<\/div>\n\t\t\t\t\t<\/div>\n\t\t<\/div>\n\t\t\t\t\t<\/div>\n\t\t<\/section>\n\t\t\t\t<\/div>\n\t\t","protected":false},"excerpt":{"rendered":"<p>Le mardi 1er Juillet 2025, 182 Stagiaires de la 2\u00e8me Session de Formation des Agents de la Police Municipale de &hellip; <\/p>\n","protected":false},"author":88,"featured_media":0,"comment_status":"closed","ping_status":"closed","sticky":false,"template":"","format":"standard","meta":{"ngg_post_thumbnail":0,"cybocfi_hide_featured_image":"","footnotes":""},"categories":[34,54],"tags":[],"class_list":["post-6657","post","type-post","status-publish","format-standard","hentry","category-formation","category-police-municipale"],"_links":{"self":[{"href":"https:\/\/web.nasla.cm\/index.php\/wp-json\/wp\/v2\/posts\/6657","targetHints":{"allow":["GET"]}}],"collection":[{"href":"https:\/\/web.nasla.cm\/index.php\/wp-json\/wp\/v2\/posts"}],"about":[{"href":"https:\/\/web.nasla.cm\/index.php\/wp-json\/wp\/v2\/types\/post"}],"author":[{"embeddable":true,"href":"https:\/\/web.nasla.cm\/index.php\/wp-json\/wp\/v2\/users\/88"}],"replies":[{"embeddable":true,"href":"https:\/\/web.nasla.cm\/index.php\/wp-json\/wp\/v2\/comments?post=6657"}],"version-history":[{"count":10,"href":"https:\/\/web.nasla.cm\/index.php\/wp-json\/wp\/v2\/posts\/6657\/revisions"}],"predecessor-version":[{"id":6672,"href":"https:\/\/web.nasla.cm\/index.php\/wp-json\/wp\/v2\/posts\/6657\/revisions\/6672"}],"wp:attachment":[{"href":"https:\/\/web.nasla.cm\/index.php\/wp-json\/wp\/v2\/media?parent=6657"}],"wp:term":[{"taxonomy":"category","embeddable":true,"href":"https:\/\/web.nasla.cm\/index.php\/wp-json\/wp\/v2\/categories?post=6657"},{"taxonomy":"post_tag","embeddable":true,"href":"https:\/\/web.nasla.cm\/index.php\/wp-json\/wp\/v2\/tags?post=6657"}],"curies":[{"name":"wp","href":"https:\/\/api.w.org\/{rel}","templated":true}]}}